{"id":22615,"date":"2021-07-14T00:31:09","date_gmt":"2021-07-13T22:31:09","guid":{"rendered":"https:\/\/oudersenonderwijs.nl\/niet-gecategoriseerd\/members-of-parliament-and-education-paul-van-meenen-and-nicki-pouw-verweij\/"},"modified":"2026-04-13T03:14:46","modified_gmt":"2026-04-13T01:14:46","slug":"members-of-parliament-and-education-paul-van-meenen-and-nicki-pouw-verweij","status":"publish","type":"post","link":"https:\/\/oudersenonderwijs.nl\/en\/niet-gecategoriseerd\/members-of-parliament-and-education-paul-van-meenen-and-nicki-pouw-verweij\/","title":{"rendered":"Members of parliament and education: Paul van Meenen and Nicki Pouw-verweij"},"content":{"rendered":"","protected":false},"excerpt":{"rendered":"Who is involved in education in The Hague? Who fights for better tailored education or worries about the teacher shortage? Every week, two members of parliament introduce themselves. What are their plans for education in the coming years? Some faces are familiar, others are new in the House of Representatives. This week: Paul van Meenen (D66) and Nicki Pouw-Verweij (JA21).","protected":false},"author":0,"featured_media":6908,"comment_status":"closed","ping_status":"closed","sticky":false,"template":"","format":"standard","meta":{"_acf_changed":false,"footnotes":""},"categories":[328],"tags":[],"class_list":["post-22615","post","type-post","status-publish","format-standard","has-post-thumbnail","hentry","category-news"],"acf":{"samenvatting":"Who is involved in education in The Hague? Who fights for better tailored education or worries about the teacher shortage? Every week, two members of parliament introduce themselves. What are their plans for education in the coming years? Some faces are familiar, others are new in the House of Representatives. This week: Paul van Meenen (D66) and Nicki Pouw-Verweij (JA21).","banner_afbeelding":"https:\/\/oudersenonderwijs.nl\/wp-content\/uploads\/2021\/03\/plenaire-zaal-tweede-kamer-1-e1637585131298.jpg","banner_subtitel":"","inhoud":[{"acf_fc_layout":"inhoud_blok","afbeelding_of_video":"afbeelding","afbeelding":{"ID":22621,"id":22621,"title":"pouw en meenen","filename":"pouw-en-meenen.jpg","filesize":58940,"url":"https:\/\/oudersenonderwijs.nl\/wp-content\/uploads\/2021\/07\/pouw-en-meenen.jpg","link":"https:\/\/oudersenonderwijs.nl\/en\/niet-gecategoriseerd\/members-of-parliament-and-education-paul-van-meenen-and-nicki-pouw-verweij\/attachment\/pouw-en-meenen-2\/","alt":"","author":"9","description":"","caption":"","name":"pouw-en-meenen-2","status":"inherit","uploaded_to":22615,"date":"2021-07-22 08:35:04","modified":"2021-07-22 08:35:04","menu_order":0,"mime_type":"image\/jpeg","type":"image","subtype":"jpeg","icon":"https:\/\/oudersenonderwijs.nl\/wp-includes\/images\/media\/default.png","width":627,"height":400,"sizes":{"thumbnail":"https:\/\/oudersenonderwijs.nl\/wp-content\/uploads\/2021\/07\/pouw-en-meenen-150x150.jpg","thumbnail-width":150,"thumbnail-height":150,"medium":"https:\/\/oudersenonderwijs.nl\/wp-content\/uploads\/2021\/07\/pouw-en-meenen-250x159.jpg","medium-width":250,"medium-height":159,"medium_large":"https:\/\/oudersenonderwijs.nl\/wp-content\/uploads\/2021\/07\/pouw-en-meenen.jpg","medium_large-width":627,"medium_large-height":400,"large":"https:\/\/oudersenonderwijs.nl\/wp-content\/uploads\/2021\/07\/pouw-en-meenen.jpg","large-width":627,"large-height":400,"1536x1536":"https:\/\/oudersenonderwijs.nl\/wp-content\/uploads\/2021\/07\/pouw-en-meenen.jpg","1536x1536-width":627,"1536x1536-height":400,"2048x2048":"https:\/\/oudersenonderwijs.nl\/wp-content\/uploads\/2021\/07\/pouw-en-meenen.jpg","2048x2048-width":627,"2048x2048-height":400,"small":"https:\/\/oudersenonderwijs.nl\/wp-content\/uploads\/2021\/07\/pouw-en-meenen-120x77.jpg","small-width":120,"small-height":77,"custom-size":"https:\/\/oudersenonderwijs.nl\/wp-content\/uploads\/2021\/07\/pouw-en-meenen-627x200.jpg","custom-size-width":627,"custom-size-height":200,"alm-thumbnail":"https:\/\/oudersenonderwijs.nl\/wp-content\/uploads\/2021\/07\/pouw-en-meenen-150x150.jpg","alm-thumbnail-width":150,"alm-thumbnail-height":150,"gform-image-choice-sm":"https:\/\/oudersenonderwijs.nl\/wp-content\/uploads\/2021\/07\/pouw-en-meenen.jpg","gform-image-choice-sm-width":300,"gform-image-choice-sm-height":191,"gform-image-choice-md":"https:\/\/oudersenonderwijs.nl\/wp-content\/uploads\/2021\/07\/pouw-en-meenen.jpg","gform-image-choice-md-width":400,"gform-image-choice-md-height":255,"gform-image-choice-lg":"https:\/\/oudersenonderwijs.nl\/wp-content\/uploads\/2021\/07\/pouw-en-meenen.jpg","gform-image-choice-lg-width":600,"gform-image-choice-lg-height":383}},"video":null,"intro":"Who is involved in education in The Hague? Who fights for better tailored education or worries about the teacher shortage? Every week, two members of parliament introduce themselves. What are their plans for education in the coming years? Some faces are familiar, others are new in the House of Representatives. This week: Paul van Meenen (D66) and Nicki Pouw-Verweij (JA21).","inhoud":"<h3><img loading=\"lazy\" decoding=\"async\" class=\" wp-image-6904 alignleft\" src=\"https:\/\/oudersenonderwijs.nl\/wp-content\/uploads\/2021\/07\/Nicki-Pouw-Verweij-JA21-250x250.jpg\" alt=\"\" width=\"334\" height=\"334\" srcset=\"https:\/\/oudersenonderwijs.nl\/wp-content\/uploads\/2021\/07\/Nicki-Pouw-Verweij-JA21-250x250.jpg 250w, https:\/\/oudersenonderwijs.nl\/wp-content\/uploads\/2021\/07\/Nicki-Pouw-Verweij-JA21-150x150.jpg 150w, https:\/\/oudersenonderwijs.nl\/wp-content\/uploads\/2021\/07\/Nicki-Pouw-Verweij-JA21-120x120.jpg 120w, https:\/\/oudersenonderwijs.nl\/wp-content\/uploads\/2021\/07\/Nicki-Pouw-Verweij-JA21.jpg 400w\" sizes=\"auto, (max-width: 334px) 100vw, 334px\" \/><\/h3>\n<h3><b><span data-contrast=\"none\">Nicki\u00a0Pouw-Verweij &#8211; JA21<\/span><\/b><span data-ccp-props=\"{&quot;201341983&quot;:0,&quot;335559739&quot;:160,&quot;335559740&quot;:259}\">\u00a0<\/span><\/h3>\n<h3><em>Would you briefly introduce yourself?<\/em><\/h3>\n<p><span data-contrast=\"none\">My name is Nicki Pouw-Verweij. I have been a member of the House of Representatives for JA21 since March 2021. Before that, I was a senator and member of the Provincial Council. I am also a doctor and currently finishing my PhD in rheumatology. I am a mother of two sons, aged 1 and 2 years.<\/span><span data-ccp-props=\"{&quot;201341983&quot;:0,&quot;335559739&quot;:160,&quot;335559740&quot;:259}\">\u00a0<\/span><\/p>\n<h3><i><span data-contrast=\"none\">What are your main focus points for education?<\/span><\/i><\/h3>\n<p><span data-contrast=\"none\">Besides attention for students with disadvantages, there should also be attention for the most talented students. We want to encourage both groups and make sure there is space and attention for top performers.<\/span><span data-ccp-props=\"{&quot;201341983&quot;:0,&quot;335559739&quot;:160,&quot;335559740&quot;:259}\"> Additionally <\/span><span data-contrast=\"none\">we call for the return of vocational schools where practical instead of theoretical education is given, because not all students are equally focused on theory. Especially in more practical work fields, we see a big shortage, and education should focus more on that. <\/span><span data-ccp-props=\"{&quot;201341983&quot;:0,&quot;335559739&quot;:160,&quot;335559740&quot;:259}\">\u00a0<\/span><\/p>\n<p><span data-contrast=\"none\">Third, we strongly support freedom of education and want to keep article 23. We are critical of abuses within Islamic education, but this criticism is aimed at failing leaders and disintegrating character, not on principled grounds.<\/span><span data-ccp-props=\"{&quot;201341983&quot;:0,&quot;335559739&quot;:160,&quot;335559740&quot;:259}\">\u00a0<\/span><\/p>\n<h3><i><span data-contrast=\"none\">What will you improve or do differently for parents and children?<\/span><\/i><span data-ccp-props=\"{&quot;201341983&quot;:0,&quot;335559739&quot;:160,&quot;335559740&quot;:259}\">\u00a0<\/span><\/h3>\n<p><span data-contrast=\"none\">We want a broader focus in education, on children who perform very well or somewhat less, on children who are theoretically or practically minded, on children who go to a public or special school. All these groups need attention and care. We want to improve this spread.<\/span><span data-ccp-props=\"{&quot;201341983&quot;:0,&quot;335559739&quot;:160,&quot;335559740&quot;:259}\">\u00a0<\/span><\/p>\n<h3>Paul van Meenen &#8211; D66<\/h3>\n<h3><img loading=\"lazy\" decoding=\"async\" width=\"250\" height=\"375\" class=\"size-medium wp-image-6906 alignright\" src=\"https:\/\/oudersenonderwijs.nl\/wp-content\/uploads\/2021\/07\/Paul-van-Meenen-D66-kleiner2-250x375.jpg\" alt=\"\" \/><\/h3>\n<h3><em>Would you briefly introduce yourself?\u00a0<\/em><\/h3>\n<p>I am Paul van Meenen (65 years old), member of parliament and spokesperson for education since 2012. I am a father of two children and a very involved grandfather of a six-year-old granddaughter in grade 3. I hope to become a grandfather of a grandson in early June. Before my membership of parliament, I worked 33 years in education. Always as a teacher (math), but also as a leader, principal, and manager. In mbo, hbo and the last 16 years in secondary education.<\/p>\n<h3>What are your main focus points for education?<\/h3>\n<p>Free accessible childcare focused on development (learning through play). A rich school day for every child, where besides very good teaching in language and math, every (!) child gets sport, culture, nature and homework help etc. Under the management of free out-of-school care. Regardless of who the parents are. More patience with children, and moving towards inclusivity.<\/p>\n<h3>What will you improve or do differently for parents and children?<\/h3>\n<p>All of the above;-)<\/p>\n<h3><\/h3>\n<h3>Next time: Nil\u00fcfer G\u00fcndo\u011fan (Volt), Roelof Bisschop (SGP) and Stephan van Baarle (DENK)<\/h3>\n"},{"acf_fc_layout":"call_to_action","selecteer_call_to_action":"gerelateerde_onderwerpen_lijst","berichten_met_prioriteit":[{"ID":22609,"post_author":"0","post_date":"2021-06-30 20:30:13","post_date_gmt":"2021-06-30 18:30:13","post_content":"","post_title":"Members of parliament and education: Lisa Westerveld and Gert-Jan Segers","post_excerpt":"Who Deals With Education In The Hague? Who Fights For Better Tailored Education Or Worries About The Teacher Shortage? Every Week, Two Members Of Parliament Introduce Themselves To You. What Are Their Plans For Education In The Coming Years? Some Faces Are Known, Others Are New In The House Of Representatives. This Week: Lisa Westerveld (GroenLinks) And Gert-Jan Segers (CU)","post_status":"publish","comment_status":"closed","ping_status":"closed","post_password":"","post_name":"members-of-parliament-and-education-lisa-westerveld-and-gert-jan-segers","to_ping":"","pinged":"","post_modified":"2021-06-30 20:30:13","post_modified_gmt":"2021-06-30 18:30:13","post_content_filtered":"","post_parent":0,"guid":"https:\/\/oudersenonderwijs.nl\/niet-gecategoriseerd\/members-of-parliament-and-education-lisa-westerveld-and-gert-jan-segers\/","menu_order":0,"post_type":"post","post_mime_type":"","comment_count":"0","filter":"raw"},{"ID":22612,"post_author":"0","post_date":"2021-07-07 21:00:10","post_date_gmt":"2021-07-07 19:00:10","post_content":"","post_title":"Members of Parliament and education: Mari\u00eblle Paul and Frank Wassenberg","post_excerpt":"Who are involved with education in The Hague? Who fights for better tailored education or worries about the teacher shortage? Each week two Members of Parliament introduce themselves to you. What are their plans for education in the coming years? Some faces are familiar, others are new in the House of Representatives. This week: Mari\u00eblle Paul (VVD) and Frank Wassenberg (Partij voor de Dieren).","post_status":"publish","comment_status":"closed","ping_status":"closed","post_password":"","post_name":"members-of-parliament-and-education-marielle-paul-and-frank-wassenberg","to_ping":"","pinged":"","post_modified":"2021-07-07 21:00:10","post_modified_gmt":"2021-07-07 19:00:10","post_content_filtered":"","post_parent":0,"guid":"https:\/\/oudersenonderwijs.nl\/niet-gecategoriseerd\/members-of-parliament-and-education-marielle-paul-and-frank-wassenberg\/","menu_order":0,"post_type":"post","post_mime_type":"","comment_count":"0","filter":"raw"}],"download_pdf":false,"veelgestelde_vragen_verwijzing":{"titel":"","knop_tekst":"","url":""}},{"acf_fc_layout":"meer_informatie_links","linkjes":false}],"call_to_action":"nieuwsbrief","call_to_action_2":"geen","zoekwoorden":""},"yoast_head":"<!-- This site is optimized with the Yoast SEO plugin v26.6 - https:\/\/yoast.com\/wordpress\/plugins\/seo\/ -->\n<title>Members of parliament and education: Paul van Meenen and Nicki Pouw-verweij<\/title>\n<meta name=\"description\" content=\"Which members of parliament deal with education? Members of parliament introduce themselves. This week: Paul van Meenen (D66) and Nicki Pouw-verweij (JA21).\" \/>\n<meta name=\"robots\" content=\"index, follow, max-snippet:-1, max-image-preview:large, max-video-preview:-1\" \/>\n<link rel=\"canonical\" href=\"https:\/\/oudersenonderwijs.nl\/en\/niet-gecategoriseerd\/members-of-parliament-and-education-paul-van-meenen-and-nicki-pouw-verweij\/\" \/>\n<meta property=\"og:locale\" content=\"en_US\" \/>\n<meta property=\"og:type\" content=\"article\" \/>\n<meta property=\"og:title\" content=\"Members of parliament and education: Paul van Meenen and Nicki Pouw-verweij\" \/>\n<meta property=\"og:description\" content=\"Which members of parliament deal with education? Members of parliament introduce themselves. This week: Paul van Meenen (D66) and Nicki Pouw-verweij (JA21).\" \/>\n<meta property=\"og:url\" content=\"https:\/\/oudersenonderwijs.nl\/en\/niet-gecategoriseerd\/members-of-parliament-and-education-paul-van-meenen-and-nicki-pouw-verweij\/\" \/>\n<meta property=\"og:site_name\" content=\"Ouders &amp; Onderwijs\" \/>\n<meta property=\"article:publisher\" content=\"https:\/\/www.facebook.com\/OudersOnderwijs\/\" \/>\n<meta property=\"article:published_time\" content=\"2021-07-13T22:31:09+00:00\" \/>\n<meta property=\"article:modified_time\" content=\"2026-04-13T01:14:46+00:00\" \/>\n<meta property=\"og:image\" content=\"https:\/\/oudersenonderwijs.nl\/wp-content\/uploads\/2021\/07\/Nicki-en-Paul.png\" \/>\n\t<meta property=\"og:image:width\" content=\"684\" \/>\n\t<meta property=\"og:image:height\" content=\"393\" \/>\n\t<meta property=\"og:image:type\" content=\"image\/png\" \/>\n<meta name=\"twitter:card\" content=\"summary_large_image\" \/>\n<meta name=\"twitter:creator\" content=\"@OudersOnderwijs\" \/>\n<meta name=\"twitter:site\" content=\"@OudersOnderwijs\" \/>\n<script type=\"application\/ld+json\" class=\"yoast-schema-graph\">{\"@context\":\"https:\/\/schema.org\",\"@graph\":[{\"@type\":\"Article\",\"@id\":\"https:\/\/oudersenonderwijs.nl\/en\/niet-gecategoriseerd\/members-of-parliament-and-education-paul-van-meenen-and-nicki-pouw-verweij\/#article\",\"isPartOf\":{\"@id\":\"https:\/\/oudersenonderwijs.nl\/en\/niet-gecategoriseerd\/members-of-parliament-and-education-paul-van-meenen-and-nicki-pouw-verweij\/\"},\"author\":{\"name\":\"\",\"@id\":\"\"},\"headline\":\"Members of parliament and education: Paul van Meenen and Nicki Pouw-verweij\",\"datePublished\":\"2021-07-13T22:31:09+00:00\",\"dateModified\":\"2026-04-13T01:14:46+00:00\",\"mainEntityOfPage\":{\"@id\":\"https:\/\/oudersenonderwijs.nl\/en\/niet-gecategoriseerd\/members-of-parliament-and-education-paul-van-meenen-and-nicki-pouw-verweij\/\"},\"wordCount\":11,\"publisher\":{\"@id\":\"https:\/\/oudersenonderwijs.nl\/en\/#organization\"},\"image\":{\"@id\":\"https:\/\/oudersenonderwijs.nl\/en\/niet-gecategoriseerd\/members-of-parliament-and-education-paul-van-meenen-and-nicki-pouw-verweij\/#primaryimage\"},\"thumbnailUrl\":\"https:\/\/oudersenonderwijs.nl\/wp-content\/uploads\/2021\/07\/Nicki-en-Paul.png\",\"articleSection\":[\"News\"],\"inLanguage\":\"en-US\"},{\"@type\":\"WebPage\",\"@id\":\"https:\/\/oudersenonderwijs.nl\/en\/niet-gecategoriseerd\/members-of-parliament-and-education-paul-van-meenen-and-nicki-pouw-verweij\/\",\"url\":\"https:\/\/oudersenonderwijs.nl\/en\/niet-gecategoriseerd\/members-of-parliament-and-education-paul-van-meenen-and-nicki-pouw-verweij\/\",\"name\":\"Members of parliament and education: Paul van Meenen and Nicki Pouw-verweij\",\"isPartOf\":{\"@id\":\"https:\/\/oudersenonderwijs.nl\/en\/#website\"},\"primaryImageOfPage\":{\"@id\":\"https:\/\/oudersenonderwijs.nl\/en\/niet-gecategoriseerd\/members-of-parliament-and-education-paul-van-meenen-and-nicki-pouw-verweij\/#primaryimage\"},\"image\":{\"@id\":\"https:\/\/oudersenonderwijs.nl\/en\/niet-gecategoriseerd\/members-of-parliament-and-education-paul-van-meenen-and-nicki-pouw-verweij\/#primaryimage\"},\"thumbnailUrl\":\"https:\/\/oudersenonderwijs.nl\/wp-content\/uploads\/2021\/07\/Nicki-en-Paul.png\",\"datePublished\":\"2021-07-13T22:31:09+00:00\",\"dateModified\":\"2026-04-13T01:14:46+00:00\",\"description\":\"Which members of parliament deal with education? Members of parliament introduce themselves. This week: Paul van Meenen (D66) and Nicki Pouw-verweij (JA21).\",\"breadcrumb\":{\"@id\":\"https:\/\/oudersenonderwijs.nl\/en\/niet-gecategoriseerd\/members-of-parliament-and-education-paul-van-meenen-and-nicki-pouw-verweij\/#breadcrumb\"},\"inLanguage\":\"en-US\",\"potentialAction\":[{\"@type\":\"ReadAction\",\"target\":[\"https:\/\/oudersenonderwijs.nl\/en\/niet-gecategoriseerd\/members-of-parliament-and-education-paul-van-meenen-and-nicki-pouw-verweij\/\"]}]},{\"@type\":\"ImageObject\",\"inLanguage\":\"en-US\",\"@id\":\"https:\/\/oudersenonderwijs.nl\/en\/niet-gecategoriseerd\/members-of-parliament-and-education-paul-van-meenen-and-nicki-pouw-verweij\/#primaryimage\",\"url\":\"https:\/\/oudersenonderwijs.nl\/wp-content\/uploads\/2021\/07\/Nicki-en-Paul.png\",\"contentUrl\":\"https:\/\/oudersenonderwijs.nl\/wp-content\/uploads\/2021\/07\/Nicki-en-Paul.png\",\"width\":684,\"height\":393},{\"@type\":\"BreadcrumbList\",\"@id\":\"https:\/\/oudersenonderwijs.nl\/en\/niet-gecategoriseerd\/members-of-parliament-and-education-paul-van-meenen-and-nicki-pouw-verweij\/#breadcrumb\",\"itemListElement\":[{\"@type\":\"ListItem\",\"position\":1,\"name\":\"Home\",\"item\":\"https:\/\/oudersenonderwijs.nl\/en\/home\/\"},{\"@type\":\"ListItem\",\"position\":2,\"name\":\"Members of parliament and education: Paul van Meenen and Nicki Pouw-verweij\"}]},{\"@type\":\"WebSite\",\"@id\":\"https:\/\/oudersenonderwijs.nl\/en\/#website\",\"url\":\"https:\/\/oudersenonderwijs.nl\/en\/\",\"name\":\"Ouders & Onderwijs\",\"description\":\"\",\"publisher\":{\"@id\":\"https:\/\/oudersenonderwijs.nl\/en\/#organization\"},\"potentialAction\":[{\"@type\":\"SearchAction\",\"target\":{\"@type\":\"EntryPoint\",\"urlTemplate\":\"https:\/\/oudersenonderwijs.nl\/en\/?s={search_term_string}\"},\"query-input\":{\"@type\":\"PropertyValueSpecification\",\"valueRequired\":true,\"valueName\":\"search_term_string\"}}],\"inLanguage\":\"en-US\"},{\"@type\":\"Organization\",\"@id\":\"https:\/\/oudersenonderwijs.nl\/en\/#organization\",\"name\":\"Ouders & Onderwijs\",\"url\":\"https:\/\/oudersenonderwijs.nl\/en\/\",\"logo\":{\"@type\":\"ImageObject\",\"inLanguage\":\"en-US\",\"@id\":\"https:\/\/oudersenonderwijs.nl\/en\/#\/schema\/logo\/image\/\",\"url\":\"https:\/\/oudersenonderwijs.nl\/wp-content\/uploads\/2020\/05\/logo-e1590324367608.png\",\"contentUrl\":\"https:\/\/oudersenonderwijs.nl\/wp-content\/uploads\/2020\/05\/logo-e1590324367608.png\",\"width\":1280,\"height\":400,\"caption\":\"Ouders & Onderwijs\"},\"image\":{\"@id\":\"https:\/\/oudersenonderwijs.nl\/en\/#\/schema\/logo\/image\/\"},\"sameAs\":[\"https:\/\/www.facebook.com\/OudersOnderwijs\/\",\"https:\/\/x.com\/OudersOnderwijs\"]}]}<\/script>\n<!-- \/ Yoast SEO plugin. -->","yoast_head_json":{"title":"Members of parliament and education: Paul van Meenen and Nicki Pouw-verweij","description":"Which members of parliament deal with education? Members of parliament introduce themselves. This week: Paul van Meenen (D66) and Nicki Pouw-verweij (JA21).","robots":{"index":"index","follow":"follow","max-snippet":"max-snippet:-1","max-image-preview":"max-image-preview:large","max-video-preview":"max-video-preview:-1"},"canonical":"https:\/\/oudersenonderwijs.nl\/en\/niet-gecategoriseerd\/members-of-parliament-and-education-paul-van-meenen-and-nicki-pouw-verweij\/","og_locale":"en_US","og_type":"article","og_title":"Members of parliament and education: Paul van Meenen and Nicki Pouw-verweij","og_description":"Which members of parliament deal with education? Members of parliament introduce themselves. This week: Paul van Meenen (D66) and Nicki Pouw-verweij (JA21).","og_url":"https:\/\/oudersenonderwijs.nl\/en\/niet-gecategoriseerd\/members-of-parliament-and-education-paul-van-meenen-and-nicki-pouw-verweij\/","og_site_name":"Ouders &amp; Onderwijs","article_publisher":"https:\/\/www.facebook.com\/OudersOnderwijs\/","article_published_time":"2021-07-13T22:31:09+00:00","article_modified_time":"2026-04-13T01:14:46+00:00","og_image":[{"width":684,"height":393,"url":"https:\/\/oudersenonderwijs.nl\/wp-content\/uploads\/2021\/07\/Nicki-en-Paul.png","type":"image\/png"}],"twitter_card":"summary_large_image","twitter_creator":"@OudersOnderwijs","twitter_site":"@OudersOnderwijs","schema":{"@context":"https:\/\/schema.org","@graph":[{"@type":"Article","@id":"https:\/\/oudersenonderwijs.nl\/en\/niet-gecategoriseerd\/members-of-parliament-and-education-paul-van-meenen-and-nicki-pouw-verweij\/#article","isPartOf":{"@id":"https:\/\/oudersenonderwijs.nl\/en\/niet-gecategoriseerd\/members-of-parliament-and-education-paul-van-meenen-and-nicki-pouw-verweij\/"},"author":{"name":"","@id":""},"headline":"Members of parliament and education: Paul van Meenen and Nicki Pouw-verweij","datePublished":"2021-07-13T22:31:09+00:00","dateModified":"2026-04-13T01:14:46+00:00","mainEntityOfPage":{"@id":"https:\/\/oudersenonderwijs.nl\/en\/niet-gecategoriseerd\/members-of-parliament-and-education-paul-van-meenen-and-nicki-pouw-verweij\/"},"wordCount":11,"publisher":{"@id":"https:\/\/oudersenonderwijs.nl\/en\/#organization"},"image":{"@id":"https:\/\/oudersenonderwijs.nl\/en\/niet-gecategoriseerd\/members-of-parliament-and-education-paul-van-meenen-and-nicki-pouw-verweij\/#primaryimage"},"thumbnailUrl":"https:\/\/oudersenonderwijs.nl\/wp-content\/uploads\/2021\/07\/Nicki-en-Paul.png","articleSection":["News"],"inLanguage":"en-US"},{"@type":"WebPage","@id":"https:\/\/oudersenonderwijs.nl\/en\/niet-gecategoriseerd\/members-of-parliament-and-education-paul-van-meenen-and-nicki-pouw-verweij\/","url":"https:\/\/oudersenonderwijs.nl\/en\/niet-gecategoriseerd\/members-of-parliament-and-education-paul-van-meenen-and-nicki-pouw-verweij\/","name":"Members of parliament and education: Paul van Meenen and Nicki Pouw-verweij","isPartOf":{"@id":"https:\/\/oudersenonderwijs.nl\/en\/#website"},"primaryImageOfPage":{"@id":"https:\/\/oudersenonderwijs.nl\/en\/niet-gecategoriseerd\/members-of-parliament-and-education-paul-van-meenen-and-nicki-pouw-verweij\/#primaryimage"},"image":{"@id":"https:\/\/oudersenonderwijs.nl\/en\/niet-gecategoriseerd\/members-of-parliament-and-education-paul-van-meenen-and-nicki-pouw-verweij\/#primaryimage"},"thumbnailUrl":"https:\/\/oudersenonderwijs.nl\/wp-content\/uploads\/2021\/07\/Nicki-en-Paul.png","datePublished":"2021-07-13T22:31:09+00:00","dateModified":"2026-04-13T01:14:46+00:00","description":"Which members of parliament deal with education? Members of parliament introduce themselves. This week: Paul van Meenen (D66) and Nicki Pouw-verweij (JA21).","breadcrumb":{"@id":"https:\/\/oudersenonderwijs.nl\/en\/niet-gecategoriseerd\/members-of-parliament-and-education-paul-van-meenen-and-nicki-pouw-verweij\/#breadcrumb"},"inLanguage":"en-US","potentialAction":[{"@type":"ReadAction","target":["https:\/\/oudersenonderwijs.nl\/en\/niet-gecategoriseerd\/members-of-parliament-and-education-paul-van-meenen-and-nicki-pouw-verweij\/"]}]},{"@type":"ImageObject","inLanguage":"en-US","@id":"https:\/\/oudersenonderwijs.nl\/en\/niet-gecategoriseerd\/members-of-parliament-and-education-paul-van-meenen-and-nicki-pouw-verweij\/#primaryimage","url":"https:\/\/oudersenonderwijs.nl\/wp-content\/uploads\/2021\/07\/Nicki-en-Paul.png","contentUrl":"https:\/\/oudersenonderwijs.nl\/wp-content\/uploads\/2021\/07\/Nicki-en-Paul.png","width":684,"height":393},{"@type":"BreadcrumbList","@id":"https:\/\/oudersenonderwijs.nl\/en\/niet-gecategoriseerd\/members-of-parliament-and-education-paul-van-meenen-and-nicki-pouw-verweij\/#breadcrumb","itemListElement":[{"@type":"ListItem","position":1,"name":"Home","item":"https:\/\/oudersenonderwijs.nl\/en\/home\/"},{"@type":"ListItem","position":2,"name":"Members of parliament and education: Paul van Meenen and Nicki Pouw-verweij"}]},{"@type":"WebSite","@id":"https:\/\/oudersenonderwijs.nl\/en\/#website","url":"https:\/\/oudersenonderwijs.nl\/en\/","name":"Ouders & Onderwijs","description":"","publisher":{"@id":"https:\/\/oudersenonderwijs.nl\/en\/#organization"},"potentialAction":[{"@type":"SearchAction","target":{"@type":"EntryPoint","urlTemplate":"https:\/\/oudersenonderwijs.nl\/en\/?s={search_term_string}"},"query-input":{"@type":"PropertyValueSpecification","valueRequired":true,"valueName":"search_term_string"}}],"inLanguage":"en-US"},{"@type":"Organization","@id":"https:\/\/oudersenonderwijs.nl\/en\/#organization","name":"Ouders & Onderwijs","url":"https:\/\/oudersenonderwijs.nl\/en\/","logo":{"@type":"ImageObject","inLanguage":"en-US","@id":"https:\/\/oudersenonderwijs.nl\/en\/#\/schema\/logo\/image\/","url":"https:\/\/oudersenonderwijs.nl\/wp-content\/uploads\/2020\/05\/logo-e1590324367608.png","contentUrl":"https:\/\/oudersenonderwijs.nl\/wp-content\/uploads\/2020\/05\/logo-e1590324367608.png","width":1280,"height":400,"caption":"Ouders & Onderwijs"},"image":{"@id":"https:\/\/oudersenonderwijs.nl\/en\/#\/schema\/logo\/image\/"},"sameAs":["https:\/\/www.facebook.com\/OudersOnderwijs\/","https:\/\/x.com\/OudersOnderwijs"]}]}},"_links":{"self":[{"href":"https:\/\/oudersenonderwijs.nl\/en\/wp-json\/wp\/v2\/posts\/22615","targetHints":{"allow":["GET"]}}],"collection":[{"href":"https:\/\/oudersenonderwijs.nl\/en\/wp-json\/wp\/v2\/posts"}],"about":[{"href":"https:\/\/oudersenonderwijs.nl\/en\/wp-json\/wp\/v2\/types\/post"}],"replies":[{"embeddable":true,"href":"https:\/\/oudersenonderwijs.nl\/en\/wp-json\/wp\/v2\/comments?post=22615"}],"version-history":[{"count":1,"href":"https:\/\/oudersenonderwijs.nl\/en\/wp-json\/wp\/v2\/posts\/22615\/revisions"}],"predecessor-version":[{"id":22622,"href":"https:\/\/oudersenonderwijs.nl\/en\/wp-json\/wp\/v2\/posts\/22615\/revisions\/22622"}],"wp:featuredmedia":[{"embeddable":true,"href":"https:\/\/oudersenonderwijs.nl\/en\/wp-json\/wp\/v2\/media\/6908"}],"wp:attachment":[{"href":"https:\/\/oudersenonderwijs.nl\/en\/wp-json\/wp\/v2\/media?parent=22615"}],"wp:term":[{"taxonomy":"category","embeddable":true,"href":"https:\/\/oudersenonderwijs.nl\/en\/wp-json\/wp\/v2\/categories?post=22615"},{"taxonomy":"post_tag","embeddable":true,"href":"https:\/\/oudersenonderwijs.nl\/en\/wp-json\/wp\/v2\/tags?post=22615"}],"curies":[{"name":"wp","href":"https:\/\/api.w.org\/{rel}","templated":true}]}}